[{"@context":"https:\/\/schema.org\/","@type":"Article","@id":"https:\/\/www.sapkn.sk\/vsetci-sa-na-vianoce-tesime-a-radost-podporia-aj-rozlicne-ozdoby\/#Article","mainEntityOfPage":"https:\/\/www.sapkn.sk\/vsetci-sa-na-vianoce-tesime-a-radost-podporia-aj-rozlicne-ozdoby\/","headline":"V\u0161etci sa na Vianoce te\u0161\u00edme a rados\u0165 podporia aj rozli\u010dn\u00e9 ozdoby","name":"V\u0161etci sa na Vianoce te\u0161\u00edme a rados\u0165 podporia aj rozli\u010dn\u00e9 ozdoby","description":"Obdobie Vianoc prich\u00e1dza ka\u017ed\u00fd rok, st\u00e1le ich pre\u017e\u00edvame intenz\u00edvne a ni\u010d na tom nemen\u00ed ani fakt, \u017ee u\u017e d\u00e1vno nie s\u00fa \u201ebiele\u201c, absencia snehovej pokr\u00fdvky n\u00e1s s\u00edce tr\u00e1pi, ale na ","datePublished":"2022-09-13","dateModified":"2023-04-28","author":{"@type":"Person","@id":"https:\/\/www.sapkn.sk\/author\/#Person","name":"","url":"https:\/\/www.sapkn.sk\/author\/","identifier":1,"image":{"@type":"ImageObject","@id":"https:\/\/secure.gravatar.com\/avatar\/0c4621640b5c0734669aeb181ef77969b528487727344f28e734a206566ea0f1?s=96&d=mm&r=g","url":"https:\/\/secure.gravatar.com\/avatar\/0c4621640b5c0734669aeb181ef77969b528487727344f28e734a206566ea0f1?s=96&d=mm&r=g","height":96,"width":96}},"publisher":{"@type":"Organization","name":"sapkn.sk","logo":{"@type":"ImageObject","@id":"\/logo.png","url":"\/logo.png","width":600,"height":60}},"image":{"@type":"ImageObject","@id":"https:\/\/www.sapkn.sk\/wp-content\/uploads\/pexels-tejas-prajapati-586744_1.jpg","url":"https:\/\/www.sapkn.sk\/wp-content\/uploads\/pexels-tejas-prajapati-586744_1.jpg","height":0,"width":0},"url":"https:\/\/www.sapkn.sk\/vsetci-sa-na-vianoce-tesime-a-radost-podporia-aj-rozlicne-ozdoby\/","about":["V\u00fdrobky"],"wordCount":406,"articleBody":"   Obdobie Vianoc prich\u00e1dza ka\u017ed\u00fd rok, st\u00e1le ich pre\u017e\u00edvame intenz\u00edvne a ni\u010d na tom nemen\u00ed ani fakt, \u017ee u\u017e d\u00e1vno nie s\u00fa \u201ebiele\u201c, absencia snehovej pokr\u00fdvky n\u00e1s s\u00edce tr\u00e1pi, ale na \u010dare sviatkov to neuber\u00e1. Tento nedostatok si kompenzujeme bohatou v\u00fdzdobou nielen interi\u00e9rov, ale aj svojho okolia. Sviato\u010dn\u00fa atmosf\u00e9ru viano\u010dn\u00fdch sviatkov si bez bohatej v\u00fdzdoby u\u017e ani nevieme predstavi\u0165. Tak ako v\u0161etky produkty, ktor\u00e9 pou\u017e\u00edvame pri ka\u017edodenn\u00fdch \u010dinnostiach prech\u00e1dzaj\u00fa prerodom a vylep\u0161eniami, nezaost\u00e1vaj\u00fa ani viano\u010dn\u00e9 ozdoby a sveteln\u00e1 v\u00fdzdoba. Po Ne\u017enej revol\u00facii aj tento segment za\u010dal prekvita\u0165, na n\u00e1\u0161 trh sa za\u010dali dost\u00e1va\u0165 aj nekvalitn\u00e9 v\u00fdrobky, ktor\u00e9 v\u0161ak m\u00f4\u017eu ohrozi\u0165 aj \u017eivot spotrebite\u013eov. Viano\u010dn\u00e9 strom\u010deky sa svetielkami ozdobuj\u00fa u\u017e odd\u00e1vna, my ich iba vylep\u0161ujeme a v posledn\u00fdch rokoch aj vymie\u0148ame za \u00fasporn\u00e9, vyroben\u00e9 LED http:\/\/www.crea-edu.cz\/aktuality\/spolecnost-pro-kreativitu-ve-vzdelavani-startuje-projekt-tyka-sa-nas-tyka-se-nas  technol\u00f3giou, preveren\u00e9 \u010do sa t\u00fdka kvality a sp\u013a\u0148aj\u00face v\u0161etky normy, ktor\u00e9 sa vy\u017eaduj\u00fa v Eur\u00f3pskej \u00danii. Navy\u0161e, tu sa vianocne svetelne zavesy aj vyr\u00e1baj\u00fa. Stavi\u0165 preto treba na predajcu, ktor\u00fd m\u00e1 dlhoro\u010dn\u00e9 sk\u00fasenosti v predaji profesion\u00e1lnych viano\u010dn\u00fdch sveteln\u00fdch ozd\u00f4b a nakupova\u0165 od eur\u00f3pskych v\u00fdrobcov.Po\u010das viano\u010dn\u00fdch sviatkov sa majitelia rodinn\u00fdch domov m\u00f4\u017eu odviaza\u0165 a svoje pr\u00edbytky ozdobi\u0165 viac ako in\u00e9 stavby, maj\u00fa na to vhodn\u00e9 podmienky. Vyu\u017ei\u0165 m\u00f4\u017eu efekt takzvan\u00fdch sveteln\u00fdch z\u00e1vesov, ktor\u00e9 s\u00fa vyroben\u00e9 v \u0161t\u00fdle jedn\u00e9ho vodiaceho k\u00e1bla a z neho vis\u00ed mno\u017estvo re\u0165az\u00ed rozli\u010dn\u00fdch d\u013a\u017eok. Vyr\u00e1baj\u00fa sa vo viacer\u00fdch farb\u00e1ch, r\u00f4znych \u0161\u00edrkach aj d\u013a\u017ekach. T\u00e1to ozdoba bude akousi svetelnou stenou, ktor\u00e1 zv\u00fdrazn\u00ed fas\u00e1du domu. LED sveteln\u00e9 viano\u010dn\u00e9 z\u00e1vesy maj\u00fa dos\u0165 intenz\u00edvne svetlo a osvetlia cel\u00e9 okolie steny, na ktor\u00fdch visia. D\u013a\u017eka z\u00e1vesu je od 1,5m a\u017e po 9m, \u010do umo\u017e\u0148uje jeho in\u0161tal\u00e1ciu na riadne dlhom \u00faseku steny, pr\u00edpadne rohu budovy alebo inej exteri\u00e9rovej plochy. Z takejto svetelnej hry farieb bud\u00fa ma\u0165 rados\u0165 nielen deti, ale viano\u010dn\u00fa atmosf\u00e9ru prines\u00fa v\u0161etk\u00fdm \u013eu\u010fom, ktor\u00ed Vianoce pre\u017e\u00edvaj\u00fa intenz\u00edvne a s rados\u0165ou.                                                                                                                                                                                                                                                                                                                                                                                          4.1\/5 - (21 votes)        "},{"@context":"https:\/\/schema.org\/","@type":"BreadcrumbList","itemListElement":[{"@type":"ListItem","position":1,"name":"V\u0161etci sa na Vianoce te\u0161\u00edme a rados\u0165 podporia aj rozli\u010dn\u00e9 ozdoby","item":"https:\/\/www.sapkn.sk\/vsetci-sa-na-vianoce-tesime-a-radost-podporia-aj-rozlicne-ozdoby\/#breadcrumbitem"}]}]